{"id":3951,"date":"2026-04-29T17:50:10","date_gmt":"2026-04-29T15:50:10","guid":{"rendered":"\/?p=3951"},"modified":"2026-04-29T17:50:10","modified_gmt":"2026-04-29T15:50:10","slug":"funcionarios-de-la-seprelad-se-capacitan-en-taller-de-construccion-del-analisis-foda","status":"publish","type":"post","link":"\/?p=3951","title":{"rendered":"Funcionarios de la SEPRELAD se capacitan en Taller de Construcci\u00f3n del An\u00e1lisis FODA"},"content":{"rendered":"<p style=\"text-align: justify;\"><span style=\"color: #000000;\">Los funcionarios de la Secretar\u00eda de Prevenci\u00f3n de Lavado de Dinero o Bienes (SEPRELAD) participaron del <strong>Taller de Construcci\u00f3n del An\u00e1lisis FODA Institucional,<\/strong> desarrollado en el marco del proceso de fortalecimiento institucional y de la elaboraci\u00f3n del Plan Estrat\u00e9gico Institucional (PEI).<\/span><\/p>\n<p style=\"text-align: justify;\"><span style=\"color: #000000;\">El encuentro se realiz\u00f3 el martes 28 de abril, de manera virtual, con el objetivo de compartir el enfoque de trabajo adoptado para la construcci\u00f3n del diagn\u00f3stico estrat\u00e9gico de la instituci\u00f3n. Este taller busca propiciar la participaci\u00f3n activa de todos los funcionarios, durante el proceso de construcci\u00f3n del PEI \u00a0que permita integrar las distintas visiones institucionales de los colaboradores.<\/span><\/p>\n<p style=\"text-align: justify;\"><span style=\"color: #000000;\">La capacitaci\u00f3n estuvo a cargo de la encargada de la Direcci\u00f3n de Planificaci\u00f3n, Ver\u00f3nica Chica, quien expuso sobre las fortalezas, oportunidades, debilidades y amenazas de la instituci\u00f3n, destacando la importancia de la participaci\u00f3n activa del funcionariado y los resultados esperados de este ejercicio estrat\u00e9gico.<\/span><\/p>\n\n\n<p><\/p>\n","protected":false},"excerpt":{"rendered":"<p>Los funcionarios de la Secretar\u00eda de Prevenci\u00f3n de Lavado de Dinero o Bienes (SEPRELAD) participaron del Taller de Construcci\u00f3n del An\u00e1lisis FODA Institucional, desarrollado en el marco del proceso de fortalecimiento institucional y de la elaboraci\u00f3n del Plan Estrat\u00e9gico Institucional (PEI). El encuentro se realiz\u00f3 el martes 28 de abril, de manera virtual, con el [&hellip;]<\/p>\n","protected":false},"author":3,"featured_media":3952,"comment_status":"closed","ping_status":"closed","sticky":false,"template":"","format":"standard","meta":{"footnotes":""},"categories":[1],"tags":[],"class_list":["post-3951","post","type-post","status-publish","format-standard","has-post-thumbnail","hentry","category-noticias"],"_links":{"self":[{"href":"\/index.php?rest_route=\/wp\/v2\/posts\/3951","targetHints":{"allow":["GET"]}}],"collection":[{"href":"\/index.php?rest_route=\/wp\/v2\/posts"}],"about":[{"href":"\/index.php?rest_route=\/wp\/v2\/types\/post"}],"author":[{"embeddable":true,"href":"\/index.php?rest_route=\/wp\/v2\/users\/3"}],"replies":[{"embeddable":true,"href":"\/index.php?rest_route=%2Fwp%2Fv2%2Fcomments&post=3951"}],"version-history":[{"count":1,"href":"\/index.php?rest_route=\/wp\/v2\/posts\/3951\/revisions"}],"predecessor-version":[{"id":3953,"href":"\/index.php?rest_route=\/wp\/v2\/posts\/3951\/revisions\/3953"}],"wp:featuredmedia":[{"embeddable":true,"href":"\/index.php?rest_route=\/wp\/v2\/media\/3952"}],"wp:attachment":[{"href":"\/index.php?rest_route=%2Fwp%2Fv2%2Fmedia&parent=3951"}],"wp:term":[{"taxonomy":"category","embeddable":true,"href":"\/index.php?rest_route=%2Fwp%2Fv2%2Fcategories&post=3951"},{"taxonomy":"post_tag","embeddable":true,"href":"\/index.php?rest_route=%2Fwp%2Fv2%2Ftags&post=3951"}],"curies":[{"name":"wp","href":"https:\/\/api.w.org\/{rel}","templated":true}]}}