{"id":3937,"date":"2026-04-23T16:08:34","date_gmt":"2026-04-23T14:08:34","guid":{"rendered":"\/?p=3937"},"modified":"2026-04-27T16:15:25","modified_gmt":"2026-04-27T14:15:25","slug":"seprelad-en-conferencia-regional-sobre-instituciones-aduaneras","status":"publish","type":"post","link":"\/?p=3937","title":{"rendered":"SEPRELAD participa en Conferencia Regional sobre Instituciones Aduaneras"},"content":{"rendered":"<p>Funcionarios de la Secretar\u00eda de Prevenci\u00f3n de Lavado de Dinero o Bienes (SEPRELAD) participaron en la <strong>Conferencia Regional: Fortalecimiento de Instituciones Aduaneras frente al Crimen Organizado y el Lavado de Activos en Am\u00e9rica Latina<\/strong>, realizada del 21 al 23 de abril de 2026 en San Salvador.<\/p>\n<p>El encuentro reuni\u00f3 a instituciones aduaneras y autoridades competentes de 15 pa\u00edses de Am\u00e9rica Latina, con el objetivo de impulsar la inteligencia aduanera, la cooperaci\u00f3n interagencial y regional, y acciones concretas para detectar, investigar y combatir los flujos financieros il\u00edcitos.<\/p>\n<p>La iniciativa cont\u00f3 con el apoyo de la UNODC, en el marco de la implementaci\u00f3n de las hojas de ruta de las plataformas regionales para acelerar la aplicaci\u00f3n de la Convenci\u00f3n de las Naciones Unidas contra la Corrupci\u00f3n (UNCAC) en Am\u00e9rica Central, Sudam\u00e9rica y M\u00e9xico.<\/p>\n<p>Los objetivos comunes establecidos incluyen el fortalecimiento de la <strong>detecci\u00f3n, investigaci\u00f3n y prevenci\u00f3n del crimen organizado, el lavado de dinero, el soborno y otros delitos financieros conexos<\/strong>, reafirmando el compromiso regional con la transparencia y la integridad.<\/p>\n\n\n<p><\/p>\n","protected":false},"excerpt":{"rendered":"<p>Funcionarios de la Secretar\u00eda de Prevenci\u00f3n de Lavado de Dinero o Bienes (SEPRELAD) participaron en la Conferencia Regional: Fortalecimiento de Instituciones Aduaneras frente al Crimen Organizado y el Lavado de Activos en Am\u00e9rica Latina, realizada del 21 al 23 de abril de 2026 en San Salvador. El encuentro reuni\u00f3 a instituciones aduaneras y autoridades competentes [&hellip;]<\/p>\n","protected":false},"author":3,"featured_media":3938,"comment_status":"closed","ping_status":"closed","sticky":false,"template":"","format":"standard","meta":{"footnotes":""},"categories":[1],"tags":[],"class_list":["post-3937","post","type-post","status-publish","format-standard","has-post-thumbnail","hentry","category-noticias"],"_links":{"self":[{"href":"\/index.php?rest_route=\/wp\/v2\/posts\/3937","targetHints":{"allow":["GET"]}}],"collection":[{"href":"\/index.php?rest_route=\/wp\/v2\/posts"}],"about":[{"href":"\/index.php?rest_route=\/wp\/v2\/types\/post"}],"author":[{"embeddable":true,"href":"\/index.php?rest_route=\/wp\/v2\/users\/3"}],"replies":[{"embeddable":true,"href":"\/index.php?rest_route=%2Fwp%2Fv2%2Fcomments&post=3937"}],"version-history":[{"count":2,"href":"\/index.php?rest_route=\/wp\/v2\/posts\/3937\/revisions"}],"predecessor-version":[{"id":3940,"href":"\/index.php?rest_route=\/wp\/v2\/posts\/3937\/revisions\/3940"}],"wp:featuredmedia":[{"embeddable":true,"href":"\/index.php?rest_route=\/wp\/v2\/media\/3938"}],"wp:attachment":[{"href":"\/index.php?rest_route=%2Fwp%2Fv2%2Fmedia&parent=3937"}],"wp:term":[{"taxonomy":"category","embeddable":true,"href":"\/index.php?rest_route=%2Fwp%2Fv2%2Fcategories&post=3937"},{"taxonomy":"post_tag","embeddable":true,"href":"\/index.php?rest_route=%2Fwp%2Fv2%2Ftags&post=3937"}],"curies":[{"name":"wp","href":"https:\/\/api.w.org\/{rel}","templated":true}]}}