{"id":3930,"date":"2026-04-24T14:13:24","date_gmt":"2026-04-24T12:13:24","guid":{"rendered":"\/?p=3930"},"modified":"2026-04-27T14:41:31","modified_gmt":"2026-04-27T12:41:31","slug":"viceministro-diserta-en-conversatorio-sobre-medidas-cautelares-reales-para-fortalecer-la-labor-fiscal","status":"publish","type":"post","link":"\/?p=3930","title":{"rendered":"Viceministro diserta en conversatorio sobre medidas cautelares reales para fortalecer la labor fiscal"},"content":{"rendered":"<p style=\"text-align: justify;\">El <span style=\"white-space: pre-wrap;\">viceministro <\/span><span style=\"white-space: pre-wrap;\">de <\/span><span style=\"white-space: pre-wrap;\">la <\/span><span style=\"white-space: pre-wrap;\">Secretar\u00eda <\/span><span style=\"white-space: pre-wrap;\">de <\/span><span style=\"white-space: pre-wrap;\">Prevenci\u00f3n <\/span><span style=\"white-space: pre-wrap;\">de <\/span><span style=\"white-space: pre-wrap;\">Lavado <\/span><span style=\"white-space: pre-wrap;\">de <\/span><span style=\"white-space: pre-wrap;\">Dinero <\/span><span style=\"white-space: pre-wrap;\">o <\/span><span style=\"white-space: pre-wrap;\">Bienes <\/span><span style=\"white-space: pre-wrap;\">(SEPRELAD), <\/span><span style=\"white-space: pre-wrap;\">Pablo <\/span><span style=\"white-space: pre-wrap;\">Andr\u00e9s <\/span><span style=\"white-space: pre-wrap;\">Rojas <\/span><span style=\"white-space: pre-wrap;\">Pichler<\/span><span style=\"white-space: pre-wrap;\">, <\/span><span style=\"white-space: pre-wrap;\">disert\u00f3 <\/span><span style=\"white-space: pre-wrap;\">el 24 de abril del corriente a\u00f1o en <\/span><span style=\"white-space: pre-wrap;\">un <\/span><span style=\"white-space: pre-wrap;\">conversatorio <\/span><span style=\"white-space: pre-wrap;\">dirigido <\/span><span style=\"white-space: pre-wrap;\">a <\/span><span style=\"white-space: pre-wrap;\">agentes <\/span><span style=\"white-space: pre-wrap;\">fiscales <\/span><span style=\"white-space: pre-wrap;\">y <\/span><span style=\"white-space: pre-wrap;\">asistentes <\/span><span style=\"white-space: pre-wrap;\">fiscales <\/span><span style=\"white-space: pre-wrap;\">de <\/span><span style=\"white-space: pre-wrap;\">la <\/span><span style=\"white-space: pre-wrap;\">sede <\/span><span style=\"white-space: pre-wrap;\">Asunci\u00f3n, <\/span><span style=\"white-space: pre-wrap;\">pertenecientes <\/span><span style=\"white-space: pre-wrap;\">a <\/span><span style=\"white-space: pre-wrap;\">las <\/span><span style=\"white-space: pre-wrap;\">\u00e1reas <\/span><span style=\"white-space: pre-wrap;\">de <\/span><span style=\"white-space: pre-wrap;\">Narcotr\u00e1fico<\/span> <span style=\"white-space: pre-wrap;\">y <\/span><span style=\"white-space: pre-wrap;\">de <\/span><span style=\"white-space: pre-wrap;\">la <\/span><span style=\"white-space: pre-wrap;\">Unidad <\/span><span style=\"white-space: pre-wrap;\">Especializada <\/span><span style=\"white-space: pre-wrap;\">en <\/span><span style=\"white-space: pre-wrap;\">Delitos <\/span><span style=\"white-space: pre-wrap;\">Econ\u00f3micos <\/span><span style=\"white-space: pre-wrap;\">y <\/span><span style=\"white-space: pre-wrap;\">Anticorrupci\u00f3n<\/span><span style=\"white-space: pre-wrap;\">.<\/span><\/p>\n<p style=\"text-align: justify;\"><span style=\"white-space: pre-wrap;\">La jornada, organizada por el Instituto Superior de Estudios del Ministerio P\u00fablico (ISEMP), se desarroll\u00f3 en el Aula 2 \u201cSal\u00f3n multiuso Marcelo Pecci\u201d bajo el tema: <em style=\"white-space: pre-wrap;\">Estado del cumplimiento normativo y de efectividad de las medidas cautelares de car\u00e1cter real<\/em>.<\/span><\/p>\n<p style=\"text-align: justify;\"><span style=\"white-space: pre-wrap;\">Esta iniciativa se enmarca en las acciones de formaci\u00f3n continua impulsadas por el Ministerio P\u00fablico, reafirmando su compromiso con la capacitaci\u00f3n permanente de sus funcionarios para fortalecer la investigaci\u00f3n penal, la recuperaci\u00f3n de activos y la lucha contra el crimen organizado.<\/span><\/p>\n\n\n<p><\/p>\n","protected":false},"excerpt":{"rendered":"<p>El viceministro de la Secretar\u00eda de Prevenci\u00f3n de Lavado de Dinero o Bienes (SEPRELAD), Pablo Andr\u00e9s Rojas Pichler, disert\u00f3 el 24 de abril del corriente a\u00f1o en un conversatorio dirigido a agentes fiscales y asistentes fiscales de la sede Asunci\u00f3n, pertenecientes a las \u00e1reas de Narcotr\u00e1fico y de la Unidad Especializada en Delitos Econ\u00f3micos y [&hellip;]<\/p>\n","protected":false},"author":3,"featured_media":3931,"comment_status":"closed","ping_status":"closed","sticky":false,"template":"","format":"standard","meta":{"footnotes":""},"categories":[1],"tags":[],"class_list":["post-3930","post","type-post","status-publish","format-standard","has-post-thumbnail","hentry","category-noticias"],"_links":{"self":[{"href":"\/index.php?rest_route=\/wp\/v2\/posts\/3930","targetHints":{"allow":["GET"]}}],"collection":[{"href":"\/index.php?rest_route=\/wp\/v2\/posts"}],"about":[{"href":"\/index.php?rest_route=\/wp\/v2\/types\/post"}],"author":[{"embeddable":true,"href":"\/index.php?rest_route=\/wp\/v2\/users\/3"}],"replies":[{"embeddable":true,"href":"\/index.php?rest_route=%2Fwp%2Fv2%2Fcomments&post=3930"}],"version-history":[{"count":1,"href":"\/index.php?rest_route=\/wp\/v2\/posts\/3930\/revisions"}],"predecessor-version":[{"id":3932,"href":"\/index.php?rest_route=\/wp\/v2\/posts\/3930\/revisions\/3932"}],"wp:featuredmedia":[{"embeddable":true,"href":"\/index.php?rest_route=\/wp\/v2\/media\/3931"}],"wp:attachment":[{"href":"\/index.php?rest_route=%2Fwp%2Fv2%2Fmedia&parent=3930"}],"wp:term":[{"taxonomy":"category","embeddable":true,"href":"\/index.php?rest_route=%2Fwp%2Fv2%2Fcategories&post=3930"},{"taxonomy":"post_tag","embeddable":true,"href":"\/index.php?rest_route=%2Fwp%2Fv2%2Ftags&post=3930"}],"curies":[{"name":"wp","href":"https:\/\/api.w.org\/{rel}","templated":true}]}}