{"id":3789,"date":"2026-03-11T18:52:54","date_gmt":"2026-03-11T17:52:54","guid":{"rendered":"\/?p=3789"},"modified":"2026-03-11T18:52:54","modified_gmt":"2026-03-11T17:52:54","slug":"el-viceministro-de-la-seprelad-participo-en-la-inauguracion-de-las-reuniones-anuales-de-la-asamblea-de-gobernadores-del-grupo-bid","status":"publish","type":"post","link":"\/?p=3789","title":{"rendered":"El viceministro de la SEPRELAD particip\u00f3 en la inauguraci\u00f3n de las Reuniones Anuales de la Asamblea de Gobernadores del Grupo BID"},"content":{"rendered":"<p style=\"text-align: justify;\">El viceministro de la Secretar\u00eda de Prevenci\u00f3n de Lavado de Dinero o Bienes (SEPRELAD), Pablo Rojas Pichler, particip\u00f3 en la inauguraci\u00f3n de las Reuniones Anuales de la Asamblea de Gobernadores del Grupo BID, que se desarrollan en Paraguay del 11 al 14 de marzo de 2026.<\/p>\n<p style=\"text-align: justify;\"><span style=\"white-space: pre-wrap;\">Durante el acto, Ilan Goldfajn, presidente del BID, subray\u00f3 la importancia de fortalecer los v\u00ednculos con la sociedad civil a trav\u00e9s de confianza, colaboraci\u00f3n, rendici\u00f3n de cuentas y di\u00e1logo permanente. Se\u00f1al\u00f3 que este enfoque permite mejorar la calidad de los proyectos y reducir riesgos ambientales y sociales. Adem\u00e1s, destac\u00f3 un estudio de la Universidad Americana que busca consolidar planes basados en evidencia y llam\u00f3 a institucionalizar los procesos para garantizar su sostenibilidad.<\/span><\/p>\n<p style=\"text-align: justify;\"><span style=\"white-space: pre-wrap;\">El evento, organizado junto al Ministerio de Econom\u00eda y Finanzas, re\u00fane a ministros de Econom\u00eda y Finanzas y presidentes de bancos centrales de los 48 pa\u00edses miembros, con una agenda que incluye foros y seminarios de alto nivel en el distrito CONMEBOL, ciudad de Luque.<\/span><\/p>\n\n\n<p><\/p>\n","protected":false},"excerpt":{"rendered":"<p>El viceministro de la Secretar\u00eda de Prevenci\u00f3n de Lavado de Dinero o Bienes (SEPRELAD), Pablo Rojas Pichler, particip\u00f3 en la inauguraci\u00f3n de las Reuniones Anuales de la Asamblea de Gobernadores del Grupo BID, que se desarrollan en Paraguay del 11 al 14 de marzo de 2026. Durante el acto, Ilan Goldfajn, presidente del BID, subray\u00f3 [&hellip;]<\/p>\n","protected":false},"author":3,"featured_media":3790,"comment_status":"closed","ping_status":"closed","sticky":false,"template":"","format":"standard","meta":{"footnotes":""},"categories":[1],"tags":[],"class_list":["post-3789","post","type-post","status-publish","format-standard","has-post-thumbnail","hentry","category-noticias"],"_links":{"self":[{"href":"\/index.php?rest_route=\/wp\/v2\/posts\/3789","targetHints":{"allow":["GET"]}}],"collection":[{"href":"\/index.php?rest_route=\/wp\/v2\/posts"}],"about":[{"href":"\/index.php?rest_route=\/wp\/v2\/types\/post"}],"author":[{"embeddable":true,"href":"\/index.php?rest_route=\/wp\/v2\/users\/3"}],"replies":[{"embeddable":true,"href":"\/index.php?rest_route=%2Fwp%2Fv2%2Fcomments&post=3789"}],"version-history":[{"count":1,"href":"\/index.php?rest_route=\/wp\/v2\/posts\/3789\/revisions"}],"predecessor-version":[{"id":3791,"href":"\/index.php?rest_route=\/wp\/v2\/posts\/3789\/revisions\/3791"}],"wp:featuredmedia":[{"embeddable":true,"href":"\/index.php?rest_route=\/wp\/v2\/media\/3790"}],"wp:attachment":[{"href":"\/index.php?rest_route=%2Fwp%2Fv2%2Fmedia&parent=3789"}],"wp:term":[{"taxonomy":"category","embeddable":true,"href":"\/index.php?rest_route=%2Fwp%2Fv2%2Fcategories&post=3789"},{"taxonomy":"post_tag","embeddable":true,"href":"\/index.php?rest_route=%2Fwp%2Fv2%2Ftags&post=3789"}],"curies":[{"name":"wp","href":"https:\/\/api.w.org\/{rel}","templated":true}]}}