{"id":3786,"date":"2026-03-10T15:24:17","date_gmt":"2026-03-10T14:24:17","guid":{"rendered":"\/?p=3786"},"modified":"2026-03-10T15:24:17","modified_gmt":"2026-03-10T14:24:17","slug":"seprelad-participa-en-reunion-de-alto-nivel-con-autoridades-de-gafilat-y-costa-rica","status":"publish","type":"post","link":"\/?p=3786","title":{"rendered":"SEPRELAD participa en reuni\u00f3n de alto nivel con autoridades de GAFILAT y Costa Rica"},"content":{"rendered":"<p style=\"text-align: justify;\"><span style=\"color: #000000;\">La ministra de la Secretar\u00eda de Prevenci\u00f3n de Lavado de Dinero o Bienes (SEPRELAD), Liliana Alcaraz Recalde, en su calidad de expresidenta del GAFILAT y coordinadora nacional de Paraguay, particip\u00f3 los d\u00edas 3 y 4 de marzo en una visita de alto nivel en Costa Rica, junto a autoridades internacionales del Grupo de Acci\u00f3n Financiera de Latinoam\u00e9rica (GAFILAT).<\/span><\/p>\n<p style=\"text-align: justify;\"><span style=\"color: #000000;\">El encuentro tuvo como objetivo dar inicio a la etapa formal de la Evaluaci\u00f3n Mutua de Costa Rica, proceso que examinar\u00e1 el cumplimiento de los est\u00e1ndares internacionales en materia de prevenci\u00f3n del lavado de activos, financiamiento del terrorismo y financiamiento de la proliferaci\u00f3n de armas de destrucci\u00f3n masiva. Esta evaluaci\u00f3n forma parte de los compromisos internacionales asumidos por el pa\u00eds ante el Grupo de Acci\u00f3n Financiera Internacional (GAFI).<\/span><\/p>\n<p style=\"text-align: justify;\"><span style=\"color: #000000;\">En estas reuniones se compartieron experiencias de los pa\u00edses miembros del GAFILAT y se reafirm\u00f3 el compromiso de Costa Rica para atender el proceso de evaluaci\u00f3n.<\/span><\/p>\n<p style=\"text-align: justify;\"><span style=\"color: #000000;\">Entre los participantes se destacaron: Esteban Fullin, secretario ejecutivo del GAFILAT; Isabel Yadira Vecchio Ar\u00f3fulo, presidenta Pro Tempore del GAFILAT y coordinadora nacional de Panam\u00e1; Jorge Arturo Lemus Monta\u00f1ez, vicepresidente Pro Tempore del GAFILAT, coordinador nacional de Colombia y director encargado de la Unidad de Inteligencia y An\u00e1lisis; Sergio Espinosa Chiroque, expresidente del GAFILAT y coordinador nacional del Per\u00fa y el director general del Instituto Costarricense sobre Drogas (ICD), Jos\u00e9 Miguel G\u00f3mez Chavarr\u00eda.<\/span><\/p>\n<p>\u00a0<\/p>\n\n\n<p><\/p>\n","protected":false},"excerpt":{"rendered":"<p>La ministra de la Secretar\u00eda de Prevenci\u00f3n de Lavado de Dinero o Bienes (SEPRELAD), Liliana Alcaraz Recalde, en su calidad de expresidenta del GAFILAT y coordinadora nacional de Paraguay, particip\u00f3 los d\u00edas 3 y 4 de marzo en una visita de alto nivel en Costa Rica, junto a autoridades internacionales del Grupo de Acci\u00f3n Financiera [&hellip;]<\/p>\n","protected":false},"author":3,"featured_media":3787,"comment_status":"closed","ping_status":"closed","sticky":false,"template":"","format":"standard","meta":{"footnotes":""},"categories":[1],"tags":[],"class_list":["post-3786","post","type-post","status-publish","format-standard","has-post-thumbnail","hentry","category-noticias"],"_links":{"self":[{"href":"\/index.php?rest_route=\/wp\/v2\/posts\/3786","targetHints":{"allow":["GET"]}}],"collection":[{"href":"\/index.php?rest_route=\/wp\/v2\/posts"}],"about":[{"href":"\/index.php?rest_route=\/wp\/v2\/types\/post"}],"author":[{"embeddable":true,"href":"\/index.php?rest_route=\/wp\/v2\/users\/3"}],"replies":[{"embeddable":true,"href":"\/index.php?rest_route=%2Fwp%2Fv2%2Fcomments&post=3786"}],"version-history":[{"count":1,"href":"\/index.php?rest_route=\/wp\/v2\/posts\/3786\/revisions"}],"predecessor-version":[{"id":3788,"href":"\/index.php?rest_route=\/wp\/v2\/posts\/3786\/revisions\/3788"}],"wp:featuredmedia":[{"embeddable":true,"href":"\/index.php?rest_route=\/wp\/v2\/media\/3787"}],"wp:attachment":[{"href":"\/index.php?rest_route=%2Fwp%2Fv2%2Fmedia&parent=3786"}],"wp:term":[{"taxonomy":"category","embeddable":true,"href":"\/index.php?rest_route=%2Fwp%2Fv2%2Fcategories&post=3786"},{"taxonomy":"post_tag","embeddable":true,"href":"\/index.php?rest_route=%2Fwp%2Fv2%2Ftags&post=3786"}],"curies":[{"name":"wp","href":"https:\/\/api.w.org\/{rel}","templated":true}]}}