{"id":3665,"date":"2026-01-20T19:35:09","date_gmt":"2026-01-20T18:35:09","guid":{"rendered":"\/?p=3665"},"modified":"2026-04-17T19:37:08","modified_gmt":"2026-04-17T17:37:08","slug":"primera-reunion-del-ano-del-consejo-de-defensa-nacional","status":"publish","type":"post","link":"\/?p=3665","title":{"rendered":"Primera reuni\u00f3n del a\u00f1o del Consejo de Defensa Nacional"},"content":{"rendered":"<div>\n<div dir=\"auto\" style=\"text-align: justify;\"><span style=\"color: #000000;\">La ministra de la Secretar\u00eda de Prevenci\u00f3n de Lavado de Dinero o Bienes (SEPRELAD), Liliana Alcaraz Recalde, particip\u00f3 como integrante del Consejo de Defensa Nacional (CODENA) en la primera reuni\u00f3n del a\u00f1o, convocada por el presidente de la Rep\u00fablica, Santiago Pe\u00f1a, dando inicio al proceso de planificaci\u00f3n estrat\u00e9gica en materia de seguridad para el periodo 2026.<\/span><\/div>\n<div dir=\"auto\" style=\"text-align: justify;\">\u00a0<\/div>\n<\/div>\n<div>\n<div dir=\"auto\" style=\"text-align: justify;\"><span style=\"color: #000000;\">Durante el encuentro se abord\u00f3 la articulaci\u00f3n de los proyectos de las distintas instituciones del Estado, con el objetivo de consolidar una pol\u00edtica de seguridad integral, coordinada y con alcance territorial, reafirmando el compromiso del Gobierno del Paraguay de garantizar la protecci\u00f3n y el desarrollo pleno en todo el pa\u00eds.<\/span><\/div>\n<\/div>\n<div>\n<div dir=\"auto\">\u00a0<\/div>\n<div dir=\"auto\"><a role=\"link\" href=\"https:\/\/www.facebook.com\/hashtag\/gobiernodelparaguay?__eep__=6&amp;__cft__[0]=AZZ_yo1rZwRoDjLAjLlljK57MlTyM5YASJN0eKMP_cJDJhdJfhV3ejTzccD61AFCSpbKgktQmr89dGuXAHYIQEbeul9bhERU2VL1QG2oT6Y0m2-jIlwbXw4UMv88Tbat0sMow4AKYM-aVU0sqmmGtXF8s8mEjIUnzU4opxH_fxDWjg&amp;__tn__=*NK-R\" target=\"_blank\" rel=\"noopener\" data-saferedirecturl=\"https:\/\/www.google.com\/url?q=https:\/\/www.facebook.com\/hashtag\/gobiernodelparaguay?__eep__%3D6%26__cft__%5B0%5D%3DAZZ_yo1rZwRoDjLAjLlljK57MlTyM5YASJN0eKMP_cJDJhdJfhV3ejTzccD61AFCSpbKgktQmr89dGuXAHYIQEbeul9bhERU2VL1QG2oT6Y0m2-jIlwbXw4UMv88Tbat0sMow4AKYM-aVU0sqmmGtXF8s8mEjIUnzU4opxH_fxDWjg%26__tn__%3D*NK-R&amp;source=gmail&amp;ust=1769106344990000&amp;usg=AOvVaw0RQrzsvrwQRK8FayW7TsmF\">#GobiernoDelParaguay<\/a><\/div>\n<div dir=\"auto\"><a role=\"link\" href=\"https:\/\/www.facebook.com\/hashtag\/codena?__eep__=6&amp;__cft__[0]=AZZ_yo1rZwRoDjLAjLlljK57MlTyM5YASJN0eKMP_cJDJhdJfhV3ejTzccD61AFCSpbKgktQmr89dGuXAHYIQEbeul9bhERU2VL1QG2oT6Y0m2-jIlwbXw4UMv88Tbat0sMow4AKYM-aVU0sqmmGtXF8s8mEjIUnzU4opxH_fxDWjg&amp;__tn__=*NK-R\" target=\"_blank\" rel=\"noopener\" data-saferedirecturl=\"https:\/\/www.google.com\/url?q=https:\/\/www.facebook.com\/hashtag\/codena?__eep__%3D6%26__cft__%5B0%5D%3DAZZ_yo1rZwRoDjLAjLlljK57MlTyM5YASJN0eKMP_cJDJhdJfhV3ejTzccD61AFCSpbKgktQmr89dGuXAHYIQEbeul9bhERU2VL1QG2oT6Y0m2-jIlwbXw4UMv88Tbat0sMow4AKYM-aVU0sqmmGtXF8s8mEjIUnzU4opxH_fxDWjg%26__tn__%3D*NK-R&amp;source=gmail&amp;ust=1769106344990000&amp;usg=AOvVaw3CR5Cf4N86c9SrVMVXRZvC\">#CODENA<\/a><\/div>\n<div dir=\"auto\"><a role=\"link\" href=\"https:\/\/www.facebook.com\/hashtag\/seguridadnacional?__eep__=6&amp;__cft__[0]=AZZ_yo1rZwRoDjLAjLlljK57MlTyM5YASJN0eKMP_cJDJhdJfhV3ejTzccD61AFCSpbKgktQmr89dGuXAHYIQEbeul9bhERU2VL1QG2oT6Y0m2-jIlwbXw4UMv88Tbat0sMow4AKYM-aVU0sqmmGtXF8s8mEjIUnzU4opxH_fxDWjg&amp;__tn__=*NK-R\" target=\"_blank\" rel=\"noopener\" data-saferedirecturl=\"https:\/\/www.google.com\/url?q=https:\/\/www.facebook.com\/hashtag\/seguridadnacional?__eep__%3D6%26__cft__%5B0%5D%3DAZZ_yo1rZwRoDjLAjLlljK57MlTyM5YASJN0eKMP_cJDJhdJfhV3ejTzccD61AFCSpbKgktQmr89dGuXAHYIQEbeul9bhERU2VL1QG2oT6Y0m2-jIlwbXw4UMv88Tbat0sMow4AKYM-aVU0sqmmGtXF8s8mEjIUnzU4opxH_fxDWjg%26__tn__%3D*NK-R&amp;source=gmail&amp;ust=1769106344990000&amp;usg=AOvVaw1en3yF7cRskoxt1uWRd35b\">#SeguridadNacional<\/a><\/div>\n<\/div>\n\n\n<p><\/p>\n","protected":false},"excerpt":{"rendered":"<p>La ministra de la Secretar\u00eda de Prevenci\u00f3n de Lavado de Dinero o Bienes (SEPRELAD), Liliana Alcaraz Recalde, particip\u00f3 como integrante del Consejo de Defensa Nacional (CODENA) en la primera reuni\u00f3n del a\u00f1o, convocada por el presidente de la Rep\u00fablica, Santiago Pe\u00f1a, dando inicio al proceso de planificaci\u00f3n estrat\u00e9gica en materia de seguridad para el periodo [&hellip;]<\/p>\n","protected":false},"author":3,"featured_media":3666,"comment_status":"closed","ping_status":"closed","sticky":false,"template":"","format":"standard","meta":{"footnotes":""},"categories":[1],"tags":[],"class_list":["post-3665","post","type-post","status-publish","format-standard","has-post-thumbnail","hentry","category-noticias"],"_links":{"self":[{"href":"\/index.php?rest_route=\/wp\/v2\/posts\/3665","targetHints":{"allow":["GET"]}}],"collection":[{"href":"\/index.php?rest_route=\/wp\/v2\/posts"}],"about":[{"href":"\/index.php?rest_route=\/wp\/v2\/types\/post"}],"author":[{"embeddable":true,"href":"\/index.php?rest_route=\/wp\/v2\/users\/3"}],"replies":[{"embeddable":true,"href":"\/index.php?rest_route=%2Fwp%2Fv2%2Fcomments&post=3665"}],"version-history":[{"count":2,"href":"\/index.php?rest_route=\/wp\/v2\/posts\/3665\/revisions"}],"predecessor-version":[{"id":3891,"href":"\/index.php?rest_route=\/wp\/v2\/posts\/3665\/revisions\/3891"}],"wp:featuredmedia":[{"embeddable":true,"href":"\/index.php?rest_route=\/wp\/v2\/media\/3666"}],"wp:attachment":[{"href":"\/index.php?rest_route=%2Fwp%2Fv2%2Fmedia&parent=3665"}],"wp:term":[{"taxonomy":"category","embeddable":true,"href":"\/index.php?rest_route=%2Fwp%2Fv2%2Fcategories&post=3665"},{"taxonomy":"post_tag","embeddable":true,"href":"\/index.php?rest_route=%2Fwp%2Fv2%2Ftags&post=3665"}],"curies":[{"name":"wp","href":"https:\/\/api.w.org\/{rel}","templated":true}]}}