{"id":3651,"date":"2026-01-19T18:09:04","date_gmt":"2026-01-19T17:09:04","guid":{"rendered":"\/?p=3651"},"modified":"2026-01-19T18:10:20","modified_gmt":"2026-01-19T17:10:20","slug":"asuncion-capital-de-la-integracion-presidente-santiago-pena-proyecta-al-mercosur-hacia-una-nueva-era-junto-a-europa","status":"publish","type":"post","link":"\/?p=3651","title":{"rendered":"Asunci\u00f3n, capital de la integraci\u00f3n: Presidente Santiago Pe\u00f1a proyecta al Mercosur hacia una nueva era junto a Europa"},"content":{"rendered":"<h5 style=\"text-align: justify;\"><strong>En una jornada de alta trascendencia para la proyecci\u00f3n internacional del Mercosur,\u00a0<\/strong><strong>el Presidente de la Rep\u00fablica, Santiago Pe\u00f1a<\/strong><strong>, en su car\u00e1cter de\u00a0<\/strong><strong>Presidente Pro T\u00e9mpore del Mercosur<\/strong><strong>, encabez\u00f3 en Asunci\u00f3n la\u00a0<\/strong><strong>firma del Acuerdo de Asociaci\u00f3n entre la Uni\u00f3n Europea y el Mercosur<\/strong><strong>, consolidando al Paraguay como escenario de una decisi\u00f3n estrat\u00e9gica que proyecta a la regi\u00f3n hacia una nueva etapa de integraci\u00f3n y cooperaci\u00f3n.<\/strong><\/h5>\n<p style=\"text-align: justify;\">El acto oficial, realizado en el\u00a0<strong>Banco Central del Paraguay<\/strong>, reuni\u00f3 a las m\u00e1ximas autoridades europeas y a representantes de los Estados Partes del Mercosur, en un marco que reafirma la visi\u00f3n del Presidente Pe\u00f1a de fortalecer el protagonismo internacional del bloque y de avanzar hacia acuerdos que se traduzcan en oportunidades concretas para el desarrollo, la inversi\u00f3n y el bienestar de los ciudadanos.\u00a0<strong>La jornada se desarroll\u00f3 bajo una coordinaci\u00f3n de alto nivel que posicion\u00f3 a Paraguay como punto de encuentro entre dos regiones clave del mundo.<\/strong><\/p>\n<p style=\"text-align: justify;\"><strong>Asunci\u00f3n, s\u00edmbolo de integraci\u00f3n regional<\/strong><\/p>\n<p style=\"text-align: justify;\">Durante su discurso, el Presidente Pe\u00f1a resalt\u00f3 la fuerza simb\u00f3lica de la capital paraguaya como lugar de origen y encuentro de la integraci\u00f3n regional, conectando el pasado del bloque con el alcance de la firma concretada.\u00a0<strong>\u201cAsunci\u00f3n naci\u00f3 pues como un nexo de integraci\u00f3n; y volvi\u00f3 a serlo al atestiguar el nacimiento del MERCOSUR\u201d<\/strong>\u00a0se\u00f1al\u00f3.<\/p>\n<p style=\"text-align: justify;\">En esa l\u00ednea, reafirm\u00f3 que la integraci\u00f3n debe sostenerse sobre el di\u00e1logo y el entendimiento, con el objetivo de construir acuerdos capaces de responder a los desaf\u00edos actuales y de fortalecer la cooperaci\u00f3n entre regiones.<\/p>\n<p style=\"text-align: justify;\">La presidenta de la Comisi\u00f3n Europea,\u00a0<strong>Ursula von der Leyen<\/strong>, subray\u00f3 la dimensi\u00f3n del entendimiento alcanzado entre ambos bloques.\u00a0<strong>\u201cEstamos creando la mayor zona de libre comercio del mundo\u201d\u00a0<\/strong>destac\u00f3.<\/p>\n<p style=\"text-align: justify;\"><strong>\u201cEl mayor logro\u201d del Mercosur y una agenda m\u00e1s din\u00e1mica<\/strong><\/p>\n<p style=\"text-align: justify;\">El presidente de Argentina,\u00a0<strong>Javier Milei<\/strong>, valor\u00f3 la firma del acuerdo entre el Mercosur y la Uni\u00f3n Europea como una decisi\u00f3n estrat\u00e9gica que proyecta al bloque hacia una inserci\u00f3n internacional m\u00e1s abierta, previsible, flexible y din\u00e1mica, luego de\u00a0<strong>25 a\u00f1os de negociaciones<\/strong>. En ese sentido, afirm\u00f3:\u00a0<strong>\u201cQuiz\u00e1s el mayor logro obtenido por el Mercosur desde su creaci\u00f3n.\u201d<\/strong><\/p>\n<p style=\"text-align: justify;\">Por su parte, el presidente de Uruguay,\u00a0<strong>Yamand\u00fa Orsi<\/strong>, resalt\u00f3 el valor institucional y pol\u00edtico del entendimiento, destacando que el camino del acuerdo exige convicciones y responsabilidad.\u00a0<strong>\u201cLo que estamos firmando dice m\u00e1s que cualquier declaraci\u00f3n\u201d<\/strong>, expres\u00f3.<\/p>\n<p style=\"text-align: justify;\">A su turno, el presidente de Bolivia,\u00a0<strong>Rodrigo Paz<\/strong>, puso el acento en la dimensi\u00f3n geogr\u00e1fica y estrat\u00e9gica de Sudam\u00e9rica, llamando a ejercer esa fortaleza como herramienta para el desarrollo regional.\u00a0<strong>\u201cEso es poder y es un poder que deber\u00edamos ejercerlo de buena manera para el desarrollo de nuestras naciones\u201d<\/strong>, sostuvo.<\/p>\n<p style=\"text-align: justify;\">En tanto, el canciller de Brasil,\u00a0<strong>Mauro Vieira<\/strong>, remarc\u00f3 que el acuerdo alcanzado en Asunci\u00f3n consolida una asociaci\u00f3n entre regiones con\u00a0<strong>enorme potencial econ\u00f3mico para las sociedades<\/strong>\u00a0y, al mismo tiempo, con un profundo sentido geopol\u00edtico para los pa\u00edses involucrados.<\/p>\n<p style=\"text-align: justify;\">El presidente del Consejo Europeo,\u00a0<strong>Ant\u00f3nio Costa<\/strong>, resalt\u00f3 la proyecci\u00f3n internacional de esta alianza y el impacto de una voz compartida ante debates globales:\u00a0<strong>\u201cCuando nuestras dos regiones hablen con una sola voz sobre cuestiones a escala mundial, estoy seguro de que el mundo escuchar\u00e1.\u201d<\/strong><\/p>\n<p style=\"text-align: justify;\">En el marco de la ceremonia, el presidente de Panam\u00e1,\u00a0<strong>Jos\u00e9 Ra\u00fal Mulino<\/strong>, expres\u00f3 su respaldo al acuerdo y destac\u00f3 la importancia de ampliar conectividad y cooperaci\u00f3n regional:\u00a0<strong>\u201cEl mundo merece menos barreras y m\u00e1s canales que nos comuniquen.\u201d<\/strong><\/p>\n<p style=\"text-align: justify;\"><strong>Firma e integraci\u00f3n con foco en la gente<\/strong><\/p>\n<p style=\"text-align: justify;\">El momento central del acto estuvo marcado por la\u00a0<strong>suscripci\u00f3n formal de los instrumentos del acuerdo<\/strong>, a cargo del Comisario Europeo\u00a0<strong>Maro\u0161 \u0160ef\u010dovi\u010d<\/strong>, por la Uni\u00f3n Europea, y de los cancilleres del Mercosur:\u00a0<strong>Pablo Quirno (Argentina), Mauro Vieira (Brasil), Mario Lubetkin (Uruguay) y Rub\u00e9n Ram\u00edrez (Paraguay)<\/strong>.<\/p>\n<p style=\"text-align: justify;\">Fuente: Presidencia de la Rep\u00fablica del Paraguay.<\/p>\n\n\n<p><\/p>\n","protected":false},"excerpt":{"rendered":"<p>En una jornada de alta trascendencia para la proyecci\u00f3n internacional del Mercosur,\u00a0el Presidente de la Rep\u00fablica, Santiago Pe\u00f1a, en su car\u00e1cter de\u00a0Presidente Pro T\u00e9mpore del Mercosur, encabez\u00f3 en Asunci\u00f3n la\u00a0firma del Acuerdo de Asociaci\u00f3n entre la Uni\u00f3n Europea y el Mercosur, consolidando al Paraguay como escenario de una decisi\u00f3n estrat\u00e9gica que proyecta a la regi\u00f3n [&hellip;]<\/p>\n","protected":false},"author":3,"featured_media":3652,"comment_status":"closed","ping_status":"closed","sticky":false,"template":"","format":"standard","meta":{"footnotes":""},"categories":[1],"tags":[],"class_list":["post-3651","post","type-post","status-publish","format-standard","has-post-thumbnail","hentry","category-noticias"],"_links":{"self":[{"href":"\/index.php?rest_route=\/wp\/v2\/posts\/3651","targetHints":{"allow":["GET"]}}],"collection":[{"href":"\/index.php?rest_route=\/wp\/v2\/posts"}],"about":[{"href":"\/index.php?rest_route=\/wp\/v2\/types\/post"}],"author":[{"embeddable":true,"href":"\/index.php?rest_route=\/wp\/v2\/users\/3"}],"replies":[{"embeddable":true,"href":"\/index.php?rest_route=%2Fwp%2Fv2%2Fcomments&post=3651"}],"version-history":[{"count":2,"href":"\/index.php?rest_route=\/wp\/v2\/posts\/3651\/revisions"}],"predecessor-version":[{"id":3654,"href":"\/index.php?rest_route=\/wp\/v2\/posts\/3651\/revisions\/3654"}],"wp:featuredmedia":[{"embeddable":true,"href":"\/index.php?rest_route=\/wp\/v2\/media\/3652"}],"wp:attachment":[{"href":"\/index.php?rest_route=%2Fwp%2Fv2%2Fmedia&parent=3651"}],"wp:term":[{"taxonomy":"category","embeddable":true,"href":"\/index.php?rest_route=%2Fwp%2Fv2%2Fcategories&post=3651"},{"taxonomy":"post_tag","embeddable":true,"href":"\/index.php?rest_route=%2Fwp%2Fv2%2Ftags&post=3651"}],"curies":[{"name":"wp","href":"https:\/\/api.w.org\/{rel}","templated":true}]}}